{"id":829,"date":"2025-07-31T18:00:00","date_gmt":"2025-07-31T21:00:00","guid":{"rendered":"https:\/\/transformare.direito.ufmg.br\/?p=829"},"modified":"2025-08-01T15:06:31","modified_gmt":"2025-08-01T18:06:31","slug":"perspectivas-alternativas-de-ciencias-do-estado","status":"publish","type":"post","link":"https:\/\/transformare.direito.ufmg.br\/?p=829","title":{"rendered":"Perspectivas alternativas de Ci\u00eancias do Estado"},"content":{"rendered":"\n<p class=\"has-text-align-left\">Nos dias 4 a 6 de junho de 2025 ocorreu a Semana Acad\u00eamica de Ci\u00eancias do Estado, organizada pelo Centro Acad\u00eamico de Ci\u00eancias do Estado (CACE). O evento trouxe perspectivas diversas sobre o curso nos diferentes dias. No primeiro dia, foi abordado uma reflex\u00e3o mais cr\u00edtica acerca do Estado: &#8220;Estado Constitucional e Rela\u00e7\u00f5es de Poder&#8221;, contando com a presen\u00e7a dos docentes da Faculdade de Direito e Ci\u00eancias do Estado da UFMG, refer\u00eancias nas \u00e1reas de teoria do Estado, direito constitucional e filosofia pol\u00edtica, foi poss\u00edvel perceber os meandros institucionais pol\u00edticos do Estado, principalmente no contexto brasileiro. As falas dos professores doutores Arthur Nad\u00fa Rangel e Maur\u00edcio Sullivan e da professora doutora Gabriela Navarro foram de extrema contribui\u00e7\u00e3o para apresentar ao p\u00fablico, formado em sua maioria por estudantes de cientistas do estado, o qu\u00ea \u00e9 acess\u00edvel e o qu\u00ea pode ser analisado nas Ci\u00eancias do Estado, relacionando de forma atenta \u00e0 situa\u00e7\u00e3o pol\u00edtica do pa\u00eds.<br><br>Com uma proposta diferente no segundo dia, o evento contou com uma mesa composta por egressas do curso e mediada pela discente Ana Beatriz do 3 per\u00edodo, trazendo uma vis\u00e3o mais pr\u00e1tica e profissional do curso discutindo as &#8220;Perspectivas de Ci\u00eancias do Estado no Mercado de Trabalho&#8221;. Raiene Resende, Victoria Chagas e Raquel Rodrigues Souza relataram suas trajet\u00f3rias acad\u00eamicas, pessoais e profissionais com destaque em \u00f3rg\u00e3os p\u00fablicos, no setor privado e em iniciativas sociais, as convidadas apresentaram a realidade em serem cientistas do estado no mercado de trabalho. Tais relatos forneceram os m\u00faltiplos caminhos que podem ser percorridos dentro do Bacharelado em Ci\u00eancias do Estado.<br><br>No terceiro e \u00faltimo dia, foi apresentada ao p\u00fablico uma perspectiva internacionalista diante do mundo globalizado e as a\u00e7\u00f5es do Estado brasileiro nesse contexto. Os professores doutores Bruno Wanderley e Paulo Roberto Cardoso e a professora doutora Amina Welten Guerra, refer\u00eancias no tema, elaboraram falas que retratam o papel do Brasil no cen\u00e1rio global. Essas falas foram essenciais tendo em vista o qu\u00ea est\u00e1 acontecendo nas rela\u00e7\u00f5es internacionais n\u00e3o somente entre Brasil e demais pa\u00edses, como nas demais rela\u00e7\u00f5es entre Estados e na\u00e7\u00f5es. O tema envolvido, &#8220;Pol\u00edtica Internacional e o Brasil no Mundo Multipolar&#8221;, trouxe uma abordagem cr\u00edtica ao papel do Estado no cen\u00e1rio internacional e global, como tamb\u00e9m de defesa e soberania nacional. O campo das rela\u00e7\u00f5es internacionais merece aten\u00e7\u00e3o pela grande atratividade que tal \u00e1rea de conhecimento tem pelos alunos e alunas cientistas do estado.<\/p>\n\n\n\n<figure class=\"wp-block-image size-large\"><img fetchpriority=\"high\" decoding=\"async\" width=\"771\" height=\"1024\" src=\"https:\/\/transformare.direito.ufmg.br\/wp-content\/uploads\/2025\/07\/image-2-771x1024.png\" alt=\"\" class=\"wp-image-832\" style=\"aspect-ratio:4\/3;object-fit:cover\" srcset=\"https:\/\/transformare.direito.ufmg.br\/wp-content\/uploads\/2025\/07\/image-2-771x1024.png 771w, https:\/\/transformare.direito.ufmg.br\/wp-content\/uploads\/2025\/07\/image-2-226x300.png 226w, https:\/\/transformare.direito.ufmg.br\/wp-content\/uploads\/2025\/07\/image-2-768x1021.png 768w, https:\/\/transformare.direito.ufmg.br\/wp-content\/uploads\/2025\/07\/image-2-1156x1536.png 1156w, https:\/\/transformare.direito.ufmg.br\/wp-content\/uploads\/2025\/07\/image-2.png 1204w\" sizes=\"(max-width: 771px) 100vw, 771px\" \/><\/figure>\n\n\n\n<p><\/p>\n\n\n\n<p>Com propostas diferentes mas complementares, a Semana Acad\u00eamica de Ci\u00eancias do Estado \u00e9 um espa\u00e7o de aprendizado e participa\u00e7\u00e3o dos estudantes, professores e egressos para uma reflex\u00e3o cada vez mais cr\u00edtica da gradua\u00e7\u00e3o em Ci\u00eancias do Estado.<\/p>\n\n\n\n<p><\/p>\n","protected":false},"excerpt":{"rendered":"<p>Nos dias 4 a 6 de junho de 2025 ocorreu a Semana Acad\u00eamica de Ci\u00eancias do Estado, organizada pelo Centro Acad\u00eamico de Ci\u00eancias do Estado (CACE). O evento trouxe perspectivas diversas sobre o curso nos diferentes dias. No primeiro dia, foi abordado uma reflex\u00e3o mais cr\u00edtica acerca do Estado: &#8220;Estado [&hellip;]<\/p>\n","protected":false},"author":11,"featured_media":830,"comment_status":"closed","ping_status":"open","sticky":false,"template":"","format":"standard","meta":{"footnotes":""},"categories":[26,1],"tags":[35,42,36,39,41,44,38,43,32,37],"class_list":["post-829","post","type-post","status-publish","format-standard","has-post-thumbnail","hentry","category-informe-ce","category-sem-categoria","tag-ciencias-do-estado","tag-direito","tag-enem","tag-faculdade","tag-faculdade-publica","tag-historia","tag-humanas","tag-politica","tag-ufmg","tag-universidade-federal-de-minas-gerais"],"_links":{"self":[{"href":"https:\/\/transformare.direito.ufmg.br\/index.php?rest_route=\/wp\/v2\/posts\/829","targetHints":{"allow":["GET"]}}],"collection":[{"href":"https:\/\/transformare.direito.ufmg.br\/index.php?rest_route=\/wp\/v2\/posts"}],"about":[{"href":"https:\/\/transformare.direito.ufmg.br\/index.php?rest_route=\/wp\/v2\/types\/post"}],"author":[{"embeddable":true,"href":"https:\/\/transformare.direito.ufmg.br\/index.php?rest_route=\/wp\/v2\/users\/11"}],"replies":[{"embeddable":true,"href":"https:\/\/transformare.direito.ufmg.br\/index.php?rest_route=%2Fwp%2Fv2%2Fcomments&post=829"}],"version-history":[{"count":2,"href":"https:\/\/transformare.direito.ufmg.br\/index.php?rest_route=\/wp\/v2\/posts\/829\/revisions"}],"predecessor-version":[{"id":836,"href":"https:\/\/transformare.direito.ufmg.br\/index.php?rest_route=\/wp\/v2\/posts\/829\/revisions\/836"}],"wp:featuredmedia":[{"embeddable":true,"href":"https:\/\/transformare.direito.ufmg.br\/index.php?rest_route=\/wp\/v2\/media\/830"}],"wp:attachment":[{"href":"https:\/\/transformare.direito.ufmg.br\/index.php?rest_route=%2Fwp%2Fv2%2Fmedia&parent=829"}],"wp:term":[{"taxonomy":"category","embeddable":true,"href":"https:\/\/transformare.direito.ufmg.br\/index.php?rest_route=%2Fwp%2Fv2%2Fcategories&post=829"},{"taxonomy":"post_tag","embeddable":true,"href":"https:\/\/transformare.direito.ufmg.br\/index.php?rest_route=%2Fwp%2Fv2%2Ftags&post=829"}],"curies":[{"name":"wp","href":"https:\/\/api.w.org\/{rel}","templated":true}]}}