{"id":796,"date":"2025-07-03T12:00:00","date_gmt":"2025-07-03T15:00:00","guid":{"rendered":"https:\/\/transformare.direito.ufmg.br\/?p=796"},"modified":"2025-07-03T11:28:42","modified_gmt":"2025-07-03T14:28:42","slug":"carl-schmitt-em-perspectiva-um-debate-critico-sobre-politica-historia-e-direito","status":"publish","type":"post","link":"https:\/\/transformare.direito.ufmg.br\/?p=796","title":{"rendered":"Carl Schmitt em perspectiva: um debate cr\u00edtico sobre pol\u00edtica, hist\u00f3ria e direito"},"content":{"rendered":"\n<p>No dia 23 de maio de 2025 a Faculdade de Direito e Ci\u00eancias do Estado da Universidade Federal de Minas Gerais recebeu com muita satisfa\u00e7\u00e3o o professor Roberto Bueno, da Universidade Federal de Uberl\u00e2ndia, o maior especialista brasileiro nos estudos schmittianos, que juntamente com os professores da casa Roberto Novaes e Adamo Alves realizaram o semin\u00e1rio: Carl Schmitt em perspectiva, organizado pelo Colegiado de Ci\u00eancias do Estado.&nbsp;<\/p>\n\n\n\n<p>O evento tinha como objetivo, segundo o coordenador do curso Roberto Novaes, poder analisar, por meio de um semin\u00e1rio, obras de diversos autores, convidando especialistas que ir\u00e3o colaborar para uma melhor experi\u00eancia dos alunos, isso \u00e9 importante para despertar o interesse em um primeiro contato com textos e teorias que muitas vezes n\u00e3o seriam aprofundadas em sala de aula, mas que s\u00e3o t\u00e3o marcantes e relevantes na hist\u00f3ria do pensamento jur\u00eddico e pol\u00edtico. O semin\u00e1rio trouxe \u00e0 tona reflex\u00f5es n\u00e3o s\u00f3 sobre as influ\u00eancias de Schmitt no per\u00edodo da segunda guerra mundial, mas tamb\u00e9m como suas teorias ainda se mant\u00eam fortemente no atual contexto de pol\u00edtica internacional.<\/p>\n\n\n\n<p>O professor Roberto Bueno, Doutor em Filosofia do Direito pela Universidade Federal do Paran\u00e1 (2011) e Professor Associado III da Universidade Federal de Uberl\u00e2ndia (UFU), em sua apresenta\u00e7\u00e3o abordou a tem\u00e1tica da teoria \u201camigo-inimigo\u201d elaborado por Carl Schmitt e suas principais publica\u00e7\u00f5es e colabora\u00e7\u00f5es como jurista, o professor destacou a necessidade de compreender as obras do autor \u00e0 luz do contexto vivido por ele e os acontecimentos de sua \u00e9poca. Bueno, em sua fala, tamb\u00e9m discutiu sobre a associa\u00e7\u00e3o das teorias schmittianas \u00e0 governos e conflitos atuais destacando que , mesmo com o passar de&nbsp; d\u00e9cadas,&nbsp; as ideias do pensador ainda influenciam o olhar sobre diversas quest\u00f5es, alertando-nos &nbsp; sobre o perigo de n\u00e3o se lembrar da hist\u00f3ria, pois, \u00e9 perigoso que ela volte a se repetir.<\/p>\n\n\n\n<p>O professor e coordenador do Colegiado de Ci\u00eancias do Estado, Roberto Novaes bacharel, mestre e doutor em Direito pela UFMG e professor adjunto na mesma institui\u00e7\u00e3o, em sua reflex\u00e3o, abordou em sua apresenta\u00e7\u00e3o&nbsp; a obra de Plat\u00e3o \u201cCr\u00edton\u201d. Um texto que discute \u00e9tica, moral e como os valores do cidad\u00e3o ateniense influenciaram S\u00f3crates a n\u00e3o fugir de sua senten\u00e7a, mesmo ap\u00f3s um julgamento injusto. Essa decis\u00e3o se relaciona com o conceito de ordem pol\u00edtica: em Cr\u00edton, S\u00f3crates defende que n\u00e3o se deve romper com a ordem estabelecida, o que se contrap\u00f5e \u00e0 ideia de que o poder pol\u00edtico se funda justamente na instaura\u00e7\u00e3o da ordem, como prop\u00f5e Carl Schmitt. A teoria schmittiana do decisionismo baseada na distin\u00e7\u00e3o entre amigo e inimigo, tamb\u00e9m aparece nesse contexto, revelando que o pol\u00edtico est\u00e1 constantemente diante da decis\u00e3o sobre quem \u00e9 amigo e quem \u00e9 inimigo, o que refor\u00e7a a natureza conflituosa e violenta da pol\u00edtica.<\/p>\n\n\n\n<p>Al\u00e9m disso, o professor Adamo Alves, Doutor e Mestre em Direito pela UFMG, Bacharel em Direito pela Pontif\u00edcia Universidade Cat\u00f3lica de Minas Gerais e Professor Adjunto da UFMG,&nbsp; destaca, em sua fala, a soberania da Constitui\u00e7\u00e3o no Estado Democr\u00e1tico de Direito, em contraste com Carl Schmitt. Embora Schmitt tamb\u00e9m defenda a ideia de uma Constitui\u00e7\u00e3o soberana, o faz de maneira problem\u00e1tica, pois promove uma concep\u00e7\u00e3o autorit\u00e1ria e ditatorial que n\u00e3o dialoga com os direitos humanos, como fazem as Constitui\u00e7\u00f5es democr\u00e1ticas atuais. O professor tamb\u00e9m apresentou diversos excertos de textos antissemitas de Carl Schmitt, analisando criticamente as ideias defendidas pelo jurista e como, infelizmente, anos depois, ainda h\u00e1 pessoas que se apropriam desse discurso.<\/p>\n\n\n\n<p>Portanto, \u201cCarl Schmitt em perspectiva\u201d foi mais uma iniciativa fundamental para a forma\u00e7\u00e3o cr\u00edtica dos graduandos em Ci\u00eancias do Estado, ao reunir especialistas que contribu\u00edram com reflex\u00f5es relevantes. Eventos como esse evidenciam o compromisso do curso e de seus professores em promover o aprofundamento te\u00f3rico e o desenvolvimento do pensamento cr\u00edtico-pol\u00edtico dos futuros profissionais da \u00e1rea.<\/p>\n\n\n\n<p><\/p>\n","protected":false},"excerpt":{"rendered":"<p>No dia 23 de maio de 2025 a Faculdade de Direito e Ci\u00eancias do Estado da Universidade Federal de Minas Gerais recebeu com muita satisfa\u00e7\u00e3o o professor Roberto Bueno, da Universidade Federal de Uberl\u00e2ndia, o maior especialista brasileiro nos estudos schmittianos, que juntamente com os professores da casa Roberto Novaes [&hellip;]<\/p>\n","protected":false},"author":9,"featured_media":797,"comment_status":"closed","ping_status":"open","sticky":false,"template":"","format":"standard","meta":{"footnotes":""},"categories":[26],"tags":[35,42,36,44,43,45,32],"class_list":["post-796","post","type-post","status-publish","format-standard","has-post-thumbnail","hentry","category-informe-ce","tag-ciencias-do-estado","tag-direito","tag-enem","tag-historia","tag-politica","tag-seminario","tag-ufmg"],"_links":{"self":[{"href":"https:\/\/transformare.direito.ufmg.br\/index.php?rest_route=\/wp\/v2\/posts\/796","targetHints":{"allow":["GET"]}}],"collection":[{"href":"https:\/\/transformare.direito.ufmg.br\/index.php?rest_route=\/wp\/v2\/posts"}],"about":[{"href":"https:\/\/transformare.direito.ufmg.br\/index.php?rest_route=\/wp\/v2\/types\/post"}],"author":[{"embeddable":true,"href":"https:\/\/transformare.direito.ufmg.br\/index.php?rest_route=\/wp\/v2\/users\/9"}],"replies":[{"embeddable":true,"href":"https:\/\/transformare.direito.ufmg.br\/index.php?rest_route=%2Fwp%2Fv2%2Fcomments&post=796"}],"version-history":[{"count":1,"href":"https:\/\/transformare.direito.ufmg.br\/index.php?rest_route=\/wp\/v2\/posts\/796\/revisions"}],"predecessor-version":[{"id":798,"href":"https:\/\/transformare.direito.ufmg.br\/index.php?rest_route=\/wp\/v2\/posts\/796\/revisions\/798"}],"wp:featuredmedia":[{"embeddable":true,"href":"https:\/\/transformare.direito.ufmg.br\/index.php?rest_route=\/wp\/v2\/media\/797"}],"wp:attachment":[{"href":"https:\/\/transformare.direito.ufmg.br\/index.php?rest_route=%2Fwp%2Fv2%2Fmedia&parent=796"}],"wp:term":[{"taxonomy":"category","embeddable":true,"href":"https:\/\/transformare.direito.ufmg.br\/index.php?rest_route=%2Fwp%2Fv2%2Fcategories&post=796"},{"taxonomy":"post_tag","embeddable":true,"href":"https:\/\/transformare.direito.ufmg.br\/index.php?rest_route=%2Fwp%2Fv2%2Ftags&post=796"}],"curies":[{"name":"wp","href":"https:\/\/api.w.org\/{rel}","templated":true}]}}